{"id":2996,"date":"2026-01-22T16:47:04","date_gmt":"2026-01-22T16:47:04","guid":{"rendered":"https:\/\/www.n22-prod.com\/?p=2996"},"modified":"2026-01-22T16:47:06","modified_gmt":"2026-01-22T16:47:06","slug":"le-jardin-mini-serie-comique-absurde","status":"publish","type":"post","link":"https:\/\/www.n22-prod.com\/en\/fiction\/le-jardin-mini-serie-comique-absurde\/","title":{"rendered":"LE JARDIN"},"content":{"rendered":"\n<p>Qui n\u2019est jamais all\u00e9 dans un jardin public ?<\/p>\n\n\n\n<p>Spoiler Alert : Personne.<\/p>\n\n\n\n<p>La vieille concierge, l\u2019enfant hyperactif, le touriste homosexuel, l\u2019extra-terrestre sous couverture&#8230; <\/p>\n\n\n\n<p>Oui, tout le monde y va.<\/p>\n\n\n\n<p>Le Jardin est donc le seul endroit o\u00f9 ces quatre individus (et environ 9375429 autres) sont susceptibles d\u2019avoir une interaction. Le Jardin, c\u2019est l\u00e0 o\u00f9 les grands (et petits) esprits se rencontrent, jouent, s\u2019engueulent ou font l\u2019amour (cach\u00e9s dans les buissons mais quand m\u00eame).<\/p>\n\n\n\n<p>Le Jardin, c\u2019est la vie &#8211; pour le meilleur et pour le pire.<\/p>\n\n\n\n<p><strong><em>En co-production avec <a href=\"https:\/\/werlenipsum.com\/\">Werlen Ipsum<\/a><\/em><\/strong><\/p>\n\n\n\n<figure class=\"wp-block-embed is-type-video is-provider-youtube wp-block-embed-youtube wp-embed-aspect-4-3 wp-has-aspect-ratio\"><div class=\"wp-block-embed__wrapper\">\n<iframe title=\"Le jardin - Skatepark [S01 - \u00c9pisode 01]\" width=\"800\" height=\"600\" src=\"https:\/\/www.youtube.com\/embed\/j-Vp9lZLJow?feature=oembed\" frameborder=\"0\" allow=\"accelerometer; autoplay; clipboard-write; encrypted-media; gyroscope; picture-in-picture; web-share\" referrerpolicy=\"strict-origin-when-cross-origin\" allowfullscreen><\/iframe>\n<\/div><\/figure>\n\n\n\n<figure class=\"wp-block-embed is-type-video is-provider-youtube wp-block-embed-youtube wp-embed-aspect-16-9 wp-has-aspect-ratio\"><div class=\"wp-block-embed__wrapper\">\n<iframe title=\"Le jardin - Amour Echo [S01 - \u00c9pisode 02]\" width=\"800\" height=\"450\" src=\"https:\/\/www.youtube.com\/embed\/Lf5vGf9s0gE?feature=oembed\" frameborder=\"0\" allow=\"accelerometer; autoplay; clipboard-write; encrypted-media; gyroscope; picture-in-picture; web-share\" referrerpolicy=\"strict-origin-when-cross-origin\" allowfullscreen><\/iframe>\n<\/div><\/figure>\n\n\n\n<figure class=\"wp-block-embed is-type-video is-provider-youtube wp-block-embed-youtube wp-embed-aspect-16-9 wp-has-aspect-ratio\"><div class=\"wp-block-embed__wrapper\">\n<iframe title=\"Le jardin - Traumamie [S01 - \u00c9pisode 03]\" width=\"800\" height=\"450\" src=\"https:\/\/www.youtube.com\/embed\/Ixu9RlqcLTo?feature=oembed\" frameborder=\"0\" allow=\"accelerometer; autoplay; clipboard-write; encrypted-media; gyroscope; picture-in-picture; web-share\" referrerpolicy=\"strict-origin-when-cross-origin\" allowfullscreen><\/iframe>\n<\/div><\/figure>\n","protected":false},"excerpt":{"rendered":"<p>Qui n\u2019est jamais all\u00e9 dans un jardin public ? Spoiler Alert : Personne. La vieille concierge, l\u2019enfant hyperactif, le touriste homosexuel, l\u2019extra-terrestre sous couverture&#8230; Oui, tout le monde y va. Le Jardin est donc le seul endroit o\u00f9 ces quatre individus (et environ 9375429 autres) sont susceptibles d\u2019avoir une interaction. Le Jardin, c\u2019est l\u00e0 o\u00f9 [&hellip;]<\/p>\n","protected":false},"author":2,"featured_media":2997,"comment_status":"open","ping_status":"open","sticky":false,"template":"","format":"standard","meta":{"_acf_changed":false,"footnotes":""},"categories":[66,10,65],"tags":[26,15,18,17],"class_list":["post-2996","post","type-post","status-publish","format-standard","has-post-thumbnail","hentry","category-diffuse","category-fiction","category-serie","tag-comedie","tag-fiction","tag-n22-productions","tag-serie"],"acf":[],"yoast_head":"<!-- This site is optimized with the Yoast SEO plugin v27.0 - https:\/\/yoast.com\/product\/yoast-seo-wordpress\/ -->\n<title>LE JARDIN - N22 Productions<\/title>\n<meta name=\"description\" content=\"Le Jardin est une mini-s\u00e9rie comique absurde o\u00f9 tous les mondes se croisent dans un jardin public. Un miroir surr\u00e9aliste et cruel de la vie.\" \/>\n<meta name=\"robots\" content=\"index, follow, max-snippet:-1, max-image-preview:large, max-video-preview:-1\" \/>\n<link rel=\"canonical\" href=\"https:\/\/www.n22-prod.com\/en\/fiction\/le-jardin-mini-serie-comique-absurde\/\" \/>\n<meta property=\"og:locale\" content=\"en_GB\" \/>\n<meta property=\"og:type\" content=\"article\" \/>\n<meta property=\"og:title\" content=\"LE JARDIN - N22 Productions\" \/>\n<meta property=\"og:description\" content=\"Le Jardin est une mini-s\u00e9rie comique absurde o\u00f9 tous les mondes se croisent dans un jardin public. Un miroir surr\u00e9aliste et cruel de la vie.\" \/>\n<meta property=\"og:url\" content=\"https:\/\/www.n22-prod.com\/en\/fiction\/le-jardin-mini-serie-comique-absurde\/\" \/>\n<meta property=\"og:site_name\" content=\"N22 Productions\" \/>\n<meta property=\"article:published_time\" content=\"2026-01-22T16:47:04+00:00\" \/>\n<meta property=\"article:modified_time\" content=\"2026-01-22T16:47:06+00:00\" \/>\n<meta property=\"og:image\" content=\"https:\/\/www.n22-prod.com\/wp-content\/uploads\/2026\/01\/Capture-decran-2026-01-22-a-17.32.55-scaled.webp\" \/>\n\t<meta property=\"og:image:width\" content=\"1920\" \/>\n\t<meta property=\"og:image:height\" content=\"1086\" \/>\n\t<meta property=\"og:image:type\" content=\"image\/webp\" \/>\n<meta name=\"author\" content=\"matthieu.marot\" \/>\n<meta name=\"twitter:card\" content=\"summary_large_image\" \/>\n<meta name=\"twitter:label1\" content=\"Written by\" \/>\n\t<meta name=\"twitter:data1\" content=\"matthieu.marot\" \/>\n\t<meta name=\"twitter:label2\" content=\"Estimated reading time\" \/>\n\t<meta name=\"twitter:data2\" content=\"1 minute\" \/>\n<script type=\"application\/ld+json\" class=\"yoast-schema-graph\">{\"@context\":\"https:\/\/schema.org\",\"@graph\":[{\"@type\":\"Article\",\"@id\":\"https:\/\/www.n22-prod.com\/fiction\/le-jardin-mini-serie-comique-absurde\/#article\",\"isPartOf\":{\"@id\":\"https:\/\/www.n22-prod.com\/fiction\/le-jardin-mini-serie-comique-absurde\/\"},\"author\":{\"name\":\"matthieu.marot\",\"@id\":\"https:\/\/www.n22-prod.com\/#\/schema\/person\/02107492966570a0ad50ebd6c05955a0\"},\"headline\":\"LE JARDIN\",\"datePublished\":\"2026-01-22T16:47:04+00:00\",\"dateModified\":\"2026-01-22T16:47:06+00:00\",\"mainEntityOfPage\":{\"@id\":\"https:\/\/www.n22-prod.com\/fiction\/le-jardin-mini-serie-comique-absurde\/\"},\"wordCount\":127,\"commentCount\":0,\"publisher\":{\"@id\":\"https:\/\/www.n22-prod.com\/#organization\"},\"image\":{\"@id\":\"https:\/\/www.n22-prod.com\/fiction\/le-jardin-mini-serie-comique-absurde\/#primaryimage\"},\"thumbnailUrl\":\"https:\/\/www.n22-prod.com\/wp-content\/uploads\/2026\/01\/Capture-decran-2026-01-22-a-17.32.55-scaled.webp\",\"keywords\":[\"Com\u00e9die\",\"Fiction\",\"N22 Productions\",\"S\u00e9rie\"],\"articleSection\":[\"Diffus\u00e9\",\"Fiction\",\"S\u00e9rie\"],\"inLanguage\":\"en-GB\",\"potentialAction\":[{\"@type\":\"CommentAction\",\"name\":\"Comment\",\"target\":[\"https:\/\/www.n22-prod.com\/fiction\/le-jardin-mini-serie-comique-absurde\/#respond\"]}]},{\"@type\":\"WebPage\",\"@id\":\"https:\/\/www.n22-prod.com\/fiction\/le-jardin-mini-serie-comique-absurde\/\",\"url\":\"https:\/\/www.n22-prod.com\/fiction\/le-jardin-mini-serie-comique-absurde\/\",\"name\":\"LE JARDIN - N22 Productions\",\"isPartOf\":{\"@id\":\"https:\/\/www.n22-prod.com\/#website\"},\"primaryImageOfPage\":{\"@id\":\"https:\/\/www.n22-prod.com\/fiction\/le-jardin-mini-serie-comique-absurde\/#primaryimage\"},\"image\":{\"@id\":\"https:\/\/www.n22-prod.com\/fiction\/le-jardin-mini-serie-comique-absurde\/#primaryimage\"},\"thumbnailUrl\":\"https:\/\/www.n22-prod.com\/wp-content\/uploads\/2026\/01\/Capture-decran-2026-01-22-a-17.32.55-scaled.webp\",\"datePublished\":\"2026-01-22T16:47:04+00:00\",\"dateModified\":\"2026-01-22T16:47:06+00:00\",\"description\":\"Le Jardin est une mini-s\u00e9rie comique absurde o\u00f9 tous les mondes se croisent dans un jardin public. Un miroir surr\u00e9aliste et cruel de la vie.\",\"breadcrumb\":{\"@id\":\"https:\/\/www.n22-prod.com\/fiction\/le-jardin-mini-serie-comique-absurde\/#breadcrumb\"},\"inLanguage\":\"en-GB\",\"potentialAction\":[{\"@type\":\"ReadAction\",\"target\":[\"https:\/\/www.n22-prod.com\/fiction\/le-jardin-mini-serie-comique-absurde\/\"]}]},{\"@type\":\"ImageObject\",\"inLanguage\":\"en-GB\",\"@id\":\"https:\/\/www.n22-prod.com\/fiction\/le-jardin-mini-serie-comique-absurde\/#primaryimage\",\"url\":\"https:\/\/www.n22-prod.com\/wp-content\/uploads\/2026\/01\/Capture-decran-2026-01-22-a-17.32.55-scaled.webp\",\"contentUrl\":\"https:\/\/www.n22-prod.com\/wp-content\/uploads\/2026\/01\/Capture-decran-2026-01-22-a-17.32.55-scaled.webp\",\"width\":1920,\"height\":1086,\"caption\":\"LE JARDIN\"},{\"@type\":\"BreadcrumbList\",\"@id\":\"https:\/\/www.n22-prod.com\/fiction\/le-jardin-mini-serie-comique-absurde\/#breadcrumb\",\"itemListElement\":[{\"@type\":\"ListItem\",\"position\":1,\"name\":\"Accueil\",\"item\":\"https:\/\/www.n22-prod.com\/\"},{\"@type\":\"ListItem\",\"position\":2,\"name\":\"LE JARDIN\"}]},{\"@type\":\"WebSite\",\"@id\":\"https:\/\/www.n22-prod.com\/#website\",\"url\":\"https:\/\/www.n22-prod.com\/\",\"name\":\"N22 Productions\",\"description\":\"N22 - Soci\u00e9t\u00e9 de production audiovisuelle\",\"publisher\":{\"@id\":\"https:\/\/www.n22-prod.com\/#organization\"},\"potentialAction\":[{\"@type\":\"SearchAction\",\"target\":{\"@type\":\"EntryPoint\",\"urlTemplate\":\"https:\/\/www.n22-prod.com\/?s={search_term_string}\"},\"query-input\":{\"@type\":\"PropertyValueSpecification\",\"valueRequired\":true,\"valueName\":\"search_term_string\"}}],\"inLanguage\":\"en-GB\"},{\"@type\":\"Organization\",\"@id\":\"https:\/\/www.n22-prod.com\/#organization\",\"name\":\"N22 Productions\",\"url\":\"https:\/\/www.n22-prod.com\/\",\"logo\":{\"@type\":\"ImageObject\",\"inLanguage\":\"en-GB\",\"@id\":\"https:\/\/www.n22-prod.com\/#\/schema\/logo\/image\/\",\"url\":\"https:\/\/www.n22-prod.com\/wp-content\/uploads\/2022\/03\/favicon.png\",\"contentUrl\":\"https:\/\/www.n22-prod.com\/wp-content\/uploads\/2022\/03\/favicon.png\",\"width\":512,\"height\":512,\"caption\":\"N22 Productions\"},\"image\":{\"@id\":\"https:\/\/www.n22-prod.com\/#\/schema\/logo\/image\/\"}},{\"@type\":\"Person\",\"@id\":\"https:\/\/www.n22-prod.com\/#\/schema\/person\/02107492966570a0ad50ebd6c05955a0\",\"name\":\"matthieu.marot\",\"image\":{\"@type\":\"ImageObject\",\"inLanguage\":\"en-GB\",\"@id\":\"https:\/\/www.n22-prod.com\/#\/schema\/person\/image\/\",\"url\":\"https:\/\/secure.gravatar.com\/avatar\/14d8ed2fb488988ece26fcea85698bfcac17b528bd074c3a8b8507228e851aa4?s=96&d=mm&r=g\",\"contentUrl\":\"https:\/\/secure.gravatar.com\/avatar\/14d8ed2fb488988ece26fcea85698bfcac17b528bd074c3a8b8507228e851aa4?s=96&d=mm&r=g\",\"caption\":\"matthieu.marot\"}}]}<\/script>\n<!-- \/ Yoast SEO plugin. -->","yoast_head_json":{"title":"LE JARDIN - N22 Productions","description":"Le Jardin est une mini-s\u00e9rie comique absurde o\u00f9 tous les mondes se croisent dans un jardin public. Un miroir surr\u00e9aliste et cruel de la vie.","robots":{"index":"index","follow":"follow","max-snippet":"max-snippet:-1","max-image-preview":"max-image-preview:large","max-video-preview":"max-video-preview:-1"},"canonical":"https:\/\/www.n22-prod.com\/en\/fiction\/le-jardin-mini-serie-comique-absurde\/","og_locale":"en_GB","og_type":"article","og_title":"LE JARDIN - N22 Productions","og_description":"Le Jardin est une mini-s\u00e9rie comique absurde o\u00f9 tous les mondes se croisent dans un jardin public. Un miroir surr\u00e9aliste et cruel de la vie.","og_url":"https:\/\/www.n22-prod.com\/en\/fiction\/le-jardin-mini-serie-comique-absurde\/","og_site_name":"N22 Productions","article_published_time":"2026-01-22T16:47:04+00:00","article_modified_time":"2026-01-22T16:47:06+00:00","og_image":[{"width":1920,"height":1086,"url":"https:\/\/www.n22-prod.com\/wp-content\/uploads\/2026\/01\/Capture-decran-2026-01-22-a-17.32.55-scaled.webp","type":"image\/webp"}],"author":"matthieu.marot","twitter_card":"summary_large_image","twitter_misc":{"Written by":"matthieu.marot","Estimated reading time":"1 minute"},"schema":{"@context":"https:\/\/schema.org","@graph":[{"@type":"Article","@id":"https:\/\/www.n22-prod.com\/fiction\/le-jardin-mini-serie-comique-absurde\/#article","isPartOf":{"@id":"https:\/\/www.n22-prod.com\/fiction\/le-jardin-mini-serie-comique-absurde\/"},"author":{"name":"matthieu.marot","@id":"https:\/\/www.n22-prod.com\/#\/schema\/person\/02107492966570a0ad50ebd6c05955a0"},"headline":"LE JARDIN","datePublished":"2026-01-22T16:47:04+00:00","dateModified":"2026-01-22T16:47:06+00:00","mainEntityOfPage":{"@id":"https:\/\/www.n22-prod.com\/fiction\/le-jardin-mini-serie-comique-absurde\/"},"wordCount":127,"commentCount":0,"publisher":{"@id":"https:\/\/www.n22-prod.com\/#organization"},"image":{"@id":"https:\/\/www.n22-prod.com\/fiction\/le-jardin-mini-serie-comique-absurde\/#primaryimage"},"thumbnailUrl":"https:\/\/www.n22-prod.com\/wp-content\/uploads\/2026\/01\/Capture-decran-2026-01-22-a-17.32.55-scaled.webp","keywords":["Com\u00e9die","Fiction","N22 Productions","S\u00e9rie"],"articleSection":["Diffus\u00e9","Fiction","S\u00e9rie"],"inLanguage":"en-GB","potentialAction":[{"@type":"CommentAction","name":"Comment","target":["https:\/\/www.n22-prod.com\/fiction\/le-jardin-mini-serie-comique-absurde\/#respond"]}]},{"@type":"WebPage","@id":"https:\/\/www.n22-prod.com\/fiction\/le-jardin-mini-serie-comique-absurde\/","url":"https:\/\/www.n22-prod.com\/fiction\/le-jardin-mini-serie-comique-absurde\/","name":"LE JARDIN - N22 Productions","isPartOf":{"@id":"https:\/\/www.n22-prod.com\/#website"},"primaryImageOfPage":{"@id":"https:\/\/www.n22-prod.com\/fiction\/le-jardin-mini-serie-comique-absurde\/#primaryimage"},"image":{"@id":"https:\/\/www.n22-prod.com\/fiction\/le-jardin-mini-serie-comique-absurde\/#primaryimage"},"thumbnailUrl":"https:\/\/www.n22-prod.com\/wp-content\/uploads\/2026\/01\/Capture-decran-2026-01-22-a-17.32.55-scaled.webp","datePublished":"2026-01-22T16:47:04+00:00","dateModified":"2026-01-22T16:47:06+00:00","description":"Le Jardin est une mini-s\u00e9rie comique absurde o\u00f9 tous les mondes se croisent dans un jardin public. Un miroir surr\u00e9aliste et cruel de la vie.","breadcrumb":{"@id":"https:\/\/www.n22-prod.com\/fiction\/le-jardin-mini-serie-comique-absurde\/#breadcrumb"},"inLanguage":"en-GB","potentialAction":[{"@type":"ReadAction","target":["https:\/\/www.n22-prod.com\/fiction\/le-jardin-mini-serie-comique-absurde\/"]}]},{"@type":"ImageObject","inLanguage":"en-GB","@id":"https:\/\/www.n22-prod.com\/fiction\/le-jardin-mini-serie-comique-absurde\/#primaryimage","url":"https:\/\/www.n22-prod.com\/wp-content\/uploads\/2026\/01\/Capture-decran-2026-01-22-a-17.32.55-scaled.webp","contentUrl":"https:\/\/www.n22-prod.com\/wp-content\/uploads\/2026\/01\/Capture-decran-2026-01-22-a-17.32.55-scaled.webp","width":1920,"height":1086,"caption":"LE JARDIN"},{"@type":"BreadcrumbList","@id":"https:\/\/www.n22-prod.com\/fiction\/le-jardin-mini-serie-comique-absurde\/#breadcrumb","itemListElement":[{"@type":"ListItem","position":1,"name":"Accueil","item":"https:\/\/www.n22-prod.com\/"},{"@type":"ListItem","position":2,"name":"LE JARDIN"}]},{"@type":"WebSite","@id":"https:\/\/www.n22-prod.com\/#website","url":"https:\/\/www.n22-prod.com\/","name":"N22 Productions","description":"N22 - Audiovisual Production Company","publisher":{"@id":"https:\/\/www.n22-prod.com\/#organization"},"potentialAction":[{"@type":"SearchAction","target":{"@type":"EntryPoint","urlTemplate":"https:\/\/www.n22-prod.com\/?s={search_term_string}"},"query-input":{"@type":"PropertyValueSpecification","valueRequired":true,"valueName":"search_term_string"}}],"inLanguage":"en-GB"},{"@type":"Organization","@id":"https:\/\/www.n22-prod.com\/#organization","name":"N22 Productions","url":"https:\/\/www.n22-prod.com\/","logo":{"@type":"ImageObject","inLanguage":"en-GB","@id":"https:\/\/www.n22-prod.com\/#\/schema\/logo\/image\/","url":"https:\/\/www.n22-prod.com\/wp-content\/uploads\/2022\/03\/favicon.png","contentUrl":"https:\/\/www.n22-prod.com\/wp-content\/uploads\/2022\/03\/favicon.png","width":512,"height":512,"caption":"N22 Productions"},"image":{"@id":"https:\/\/www.n22-prod.com\/#\/schema\/logo\/image\/"}},{"@type":"Person","@id":"https:\/\/www.n22-prod.com\/#\/schema\/person\/02107492966570a0ad50ebd6c05955a0","name":"matthieu.marot","image":{"@type":"ImageObject","inLanguage":"en-GB","@id":"https:\/\/www.n22-prod.com\/#\/schema\/person\/image\/","url":"https:\/\/secure.gravatar.com\/avatar\/14d8ed2fb488988ece26fcea85698bfcac17b528bd074c3a8b8507228e851aa4?s=96&d=mm&r=g","contentUrl":"https:\/\/secure.gravatar.com\/avatar\/14d8ed2fb488988ece26fcea85698bfcac17b528bd074c3a8b8507228e851aa4?s=96&d=mm&r=g","caption":"matthieu.marot"}}]}},"_links":{"self":[{"href":"https:\/\/www.n22-prod.com\/en\/wp-json\/wp\/v2\/posts\/2996","targetHints":{"allow":["GET"]}}],"collection":[{"href":"https:\/\/www.n22-prod.com\/en\/wp-json\/wp\/v2\/posts"}],"about":[{"href":"https:\/\/www.n22-prod.com\/en\/wp-json\/wp\/v2\/types\/post"}],"author":[{"embeddable":true,"href":"https:\/\/www.n22-prod.com\/en\/wp-json\/wp\/v2\/users\/2"}],"replies":[{"embeddable":true,"href":"https:\/\/www.n22-prod.com\/en\/wp-json\/wp\/v2\/comments?post=2996"}],"version-history":[{"count":1,"href":"https:\/\/www.n22-prod.com\/en\/wp-json\/wp\/v2\/posts\/2996\/revisions"}],"predecessor-version":[{"id":2998,"href":"https:\/\/www.n22-prod.com\/en\/wp-json\/wp\/v2\/posts\/2996\/revisions\/2998"}],"wp:featuredmedia":[{"embeddable":true,"href":"https:\/\/www.n22-prod.com\/en\/wp-json\/wp\/v2\/media\/2997"}],"wp:attachment":[{"href":"https:\/\/www.n22-prod.com\/en\/wp-json\/wp\/v2\/media?parent=2996"}],"wp:term":[{"taxonomy":"category","embeddable":true,"href":"https:\/\/www.n22-prod.com\/en\/wp-json\/wp\/v2\/categories?post=2996"},{"taxonomy":"post_tag","embeddable":true,"href":"https:\/\/www.n22-prod.com\/en\/wp-json\/wp\/v2\/tags?post=2996"}],"curies":[{"name":"wp","href":"https:\/\/api.w.org\/{rel}","templated":true}]}}